{"provider_url": "https://www.patrocinio.mg.leg.br", "title": "SETEMBRO AMARELO ", "html": "<p>A C\u00e2mara Municipal de Patroc\u00ednio, em reconhecimento \u00e0 import\u00e2ncia da sa\u00fade mental e da preven\u00e7\u00e3o ao suic\u00eddio, manifesta seu total apoio \u00e0 campanha Setembro Amarelo, iniciativa que busca conscientizar a popula\u00e7\u00e3o sobre a valoriza\u00e7\u00e3o da vida e o cuidado com o bem-estar emocional.<br />Durante todo o m\u00eas de setembro, unimos nossas vozes a essa causa t\u00e3o relevante, promovendo a\u00e7\u00f5es que incentivem o di\u00e1logo aberto, a empatia e o acolhimento \u00e0s pessoas que enfrentam desafios emocionais. Acreditamos que a preven\u00e7\u00e3o ao suic\u00eddio come\u00e7a com a escuta ativa, a dissemina\u00e7\u00e3o de informa\u00e7\u00f5es e o fortalecimento de redes de apoio em nossa comunidade.<br />Refor\u00e7amos nosso compromisso em apoiar pol\u00edticas p\u00fablicas que ampliem o acesso a servi\u00e7os de sa\u00fade mental, promovam a educa\u00e7\u00e3o emocional e garantam um ambiente de cuidado e solidariedade. Que o Setembro Amarelo seja um lembrete constante de que a vida \u00e9 valiosa e que juntos podemos fazer a diferen\u00e7a.<br /><strong>C\u00e2mara Municipal de Patroc\u00ednio \u2013 Juntos pela vida!</strong></p>", "author_name": "", "version": "1.0", "author_url": "https://www.patrocinio.mg.leg.br/author/rodrigodo", "provider_name": "C\u00e2mara Municipal de Patroc\u00ednio", "type": "rich"}